{"id":124,"date":"2025-12-03T08:49:27","date_gmt":"2025-12-03T08:49:27","guid":{"rendered":"https:\/\/gops.suwalki.pl\/?p=124"},"modified":"2025-12-04T09:09:11","modified_gmt":"2025-12-04T09:09:11","slug":"zapytanie-ofertowe-na-swiadczenie-specjalistycznych-uslug-opiekunczych-dla-dziecka-z-zaburzeniami-psychicznymi","status":"publish","type":"post","link":"https:\/\/gops.suwalki.pl\/?p=124","title":{"rendered":"Zapytanie ofertowe na \u015bwiadczenie specjalistycznych us\u0142ug opieku\u0144czych dla dziecka z zaburzeniami psychicznymi"},"content":{"rendered":"\n<p>Przedmiotem zam\u00f3wienia jest \u015bwiadczenie specjalistycznych us\u0142ug opieku\u0144czych na rzecz dziecka z m\u00f3zgowym pora\u017ceniem dzieci\u0119cym i padaczk\u0105 w miejscu zamieszkania na terenie gminy Suwa\u0142ki przez:<\/p>\n\n\n\n<p>1) fizjoterapeut\u0119,<br>2) terapeut\u0119 zaj\u0119ciowego.<\/p>\n\n\n\n<div data-wp-interactive=\"core\/file\" class=\"wp-block-file\"><object data-wp-bind--hidden=\"!state.hasPdfPreview\" hidden class=\"wp-block-file__embed\" data=\"https:\/\/gops.suwalki.pl\/wp-content\/uploads\/2025\/12\/Zapytanie-ofertowe-na-swiadczenie-specjalistycznych-uslug-opiekunczych-dla-dziecka-z-zaburzeniami-psychicznymi.pdf\" type=\"application\/pdf\" style=\"width:100%;height:600px\" aria-label=\"Osadzone z Zapytanie ofertowe na \u015bwiadczenie specjalistycznych us\u0142ug opieku\u0144czych dla dziecka z zaburzeniami psychicznymi.\"><\/object><a id=\"wp-block-file--media-925cf5a3-abad-4fff-9172-8cd227ff57af\" href=\"https:\/\/gops.suwalki.pl\/wp-content\/uploads\/2025\/12\/Zapytanie-ofertowe-na-swiadczenie-specjalistycznych-uslug-opiekunczych-dla-dziecka-z-zaburzeniami-psychicznymi.pdf\">Zapytanie ofertowe na \u015bwiadczenie specjalistycznych us\u0142ug opieku\u0144czych dla dziecka z zaburzeniami psychicznymi<\/a><a href=\"https:\/\/gops.suwalki.pl\/wp-content\/uploads\/2025\/12\/Zapytanie-ofertowe-na-swiadczenie-specjalistycznych-uslug-opiekunczych-dla-dziecka-z-zaburzeniami-psychicznymi.pdf\" class=\"wp-block-file__button wp-element-button\" download aria-describedby=\"wp-block-file--media-925cf5a3-abad-4fff-9172-8cd227ff57af\">Pobierz<\/a><\/div>\n\n\n\n<div class=\"wp-block-file\"><a id=\"wp-block-file--media-dff42543-a54e-415e-bab3-ea6b028dc8d9\" href=\"https:\/\/gops.suwalki.pl\/wp-content\/uploads\/2025\/12\/Zapytanie-ofertowe-na-swiadczenie-specjalistycznych-uslug-opiekunczych-dla-dziecka-z-zaburzeniami-psychicznymi.docx\">(word) Zapytanie ofertowe na \u015bwiadczenie specjalistycznych us\u0142ug opieku\u0144czych dla dziecka z zaburzeniami psychicznymi<\/a><a href=\"https:\/\/gops.suwalki.pl\/wp-content\/uploads\/2025\/12\/Zapytanie-ofertowe-na-swiadczenie-specjalistycznych-uslug-opiekunczych-dla-dziecka-z-zaburzeniami-psychicznymi.docx\" class=\"wp-block-file__button wp-element-button\" download aria-describedby=\"wp-block-file--media-dff42543-a54e-415e-bab3-ea6b028dc8d9\">Pobierz<\/a><\/div>\n\n\n\n<p><\/p>\n","protected":false},"excerpt":{"rendered":"<p>Przedmiotem zam\u00f3wienia jest \u015bwiadczenie specjalistycznych us\u0142ug opieku\u0144czych na rzecz dziecka z m\u00f3zgowym pora\u017ceniem dzieci\u0119cym i padaczk\u0105 w miejscu zamieszkania na terenie gminy Suwa\u0142ki przez: 1) fizjoterapeut\u0119,2) terapeut\u0119 zaj\u0119ciowego.<\/p>\n","protected":false},"author":1,"featured_media":127,"comment_status":"closed","ping_status":"","sticky":false,"template":"","format":"standard","meta":{"footnotes":""},"categories":[1],"tags":[],"class_list":["post-124","post","type-post","status-publish","format-standard","has-post-thumbnail","hentry","category-uncategorized"],"_links":{"self":[{"href":"https:\/\/gops.suwalki.pl\/index.php?rest_route=\/wp\/v2\/posts\/124","targetHints":{"allow":["GET"]}}],"collection":[{"href":"https:\/\/gops.suwalki.pl\/index.php?rest_route=\/wp\/v2\/posts"}],"about":[{"href":"https:\/\/gops.suwalki.pl\/index.php?rest_route=\/wp\/v2\/types\/post"}],"author":[{"embeddable":true,"href":"https:\/\/gops.suwalki.pl\/index.php?rest_route=\/wp\/v2\/users\/1"}],"replies":[{"embeddable":true,"href":"https:\/\/gops.suwalki.pl\/index.php?rest_route=%2Fwp%2Fv2%2Fcomments&post=124"}],"version-history":[{"count":3,"href":"https:\/\/gops.suwalki.pl\/index.php?rest_route=\/wp\/v2\/posts\/124\/revisions"}],"predecessor-version":[{"id":130,"href":"https:\/\/gops.suwalki.pl\/index.php?rest_route=\/wp\/v2\/posts\/124\/revisions\/130"}],"wp:featuredmedia":[{"embeddable":true,"href":"https:\/\/gops.suwalki.pl\/index.php?rest_route=\/wp\/v2\/media\/127"}],"wp:attachment":[{"href":"https:\/\/gops.suwalki.pl\/index.php?rest_route=%2Fwp%2Fv2%2Fmedia&parent=124"}],"wp:term":[{"taxonomy":"category","embeddable":true,"href":"https:\/\/gops.suwalki.pl\/index.php?rest_route=%2Fwp%2Fv2%2Fcategories&post=124"},{"taxonomy":"post_tag","embeddable":true,"href":"https:\/\/gops.suwalki.pl\/index.php?rest_route=%2Fwp%2Fv2%2Ftags&post=124"}],"curies":[{"name":"wp","href":"https:\/\/api.w.org\/{rel}","templated":true}]}}